{"id":303,"date":"2017-10-26T16:11:16","date_gmt":"2017-10-26T16:11:16","guid":{"rendered":"http:\/\/www.ilpagurocomo.it\/?p=303"},"modified":"2017-11-28T15:10:42","modified_gmt":"2017-11-28T15:10:42","slug":"prima-lezione-la-verita-e-unavventura-relatore-carlo-sini","status":"publish","type":"post","link":"http:\/\/www.ilpagurocomo.it\/?p=303","title":{"rendered":"Prima lezione &#8211; La verit\u00e0 \u00e8 un&#8217;avventura &#8211; Relatore Carlo Sini"},"content":{"rendered":"<p><span style=\"font-size: 14px; font-family: 'trebuchet ms', geneva, sans-serif;\"><strong>Como, 23 ottobre 2017<\/strong><\/span><\/p>\n<p style=\"text-align: justify;\"><span style=\"font-size: 14px; font-family: 'trebuchet ms', geneva, sans-serif;\">Venerd\u00ec scorso, nella splendida cornice dell\u2019Aula Magna del Collegio Gallio a Como, si \u00e8 tenuta la prima lezione del Corso <strong>\u201cVerit\u00e0 e realt\u00e0 nel mondo e nel web. Vale la pena accettare le sfide del presente?\u201d<\/strong> organizzato dall&#8217;Associazione culturale \u201cIl Paguro\u201d.<\/span><\/p>\n<p style=\"text-align: justify;\"><span style=\"font-size: 14px; font-family: 'trebuchet ms', geneva, sans-serif;\">Davanti a circa 150 presenti (di cui numerosi ragazzi dei licei comaschi), il <strong>Professor Carlo Sini<\/strong> ci ha metaforicamente permesso di viaggiare nel tempo raccontandoci il suo punto di vista sul cambiamento della verit\u00e0 in relazione ai codici di linguaggio, ai nostri interlocutori, alla societ\u00e0 in cui viviamo, al nostro sapere. Fra citazioni religiose, filosofiche e scientifiche il Professor Sini ha posto al centro, e condiviso con tutta la sala, le tematiche dell\u2019\u201didea sbagliata di verit\u00e0\u201d e della \u201cverit\u00e0 come avventura del presente degli uomini\u201d.<\/span><\/p>\n<p style=\"text-align: justify;\"><span style=\"font-size: 14px; font-family: 'trebuchet ms', geneva, sans-serif;\">Un\u2019ora e mezza di ascolto e di dibattito che ci hanno permesso di maturare una profonda riflessione sul senso della verit\u00e0, e una grande voglia di assistere al prossimo incontro che si svolger\u00e0 venerd\u00ec 27 ottobre alle h.17:30 sempre presso l\u2019Aula Magna del Collegio Gallio a Como. Tema dell\u2019incontro: \u201cSu verit\u00e0 e menzogna in senso extra-virtuale\u201d, relatore: Professor Lorenzo Fossati.<\/span><\/p>\n<p style=\"text-align: justify;\"><span style=\"font-size: 14px; font-family: 'trebuchet ms', geneva, sans-serif;\"><strong>Vi aspettiamo numerosissimi!<\/strong><\/span><\/p>\n<p><img decoding=\"async\" loading=\"lazy\" class=\" wp-image-319 aligncenter\" src=\"http:\/\/www.ilpagurocomo.it\/wp-content\/uploads\/2017\/10\/20171020_173829-Foto-Corso-PAGURO-300x169.jpg\" alt=\"\" width=\"360\" height=\"203\" srcset=\"http:\/\/www.ilpagurocomo.it\/wp-content\/uploads\/2017\/10\/20171020_173829-Foto-Corso-PAGURO-300x169.jpg 300w, http:\/\/www.ilpagurocomo.it\/wp-content\/uploads\/2017\/10\/20171020_173829-Foto-Corso-PAGURO-768x432.jpg 768w, http:\/\/www.ilpagurocomo.it\/wp-content\/uploads\/2017\/10\/20171020_173829-Foto-Corso-PAGURO-1024x576.jpg 1024w, http:\/\/www.ilpagurocomo.it\/wp-content\/uploads\/2017\/10\/20171020_173829-Foto-Corso-PAGURO-810x456.jpg 810w\" sizes=\"(max-width: 360px) 100vw, 360px\" \/><\/p>\n","protected":false},"excerpt":{"rendered":"<p>Como, 23 ottobre 2017 Venerd\u00ec scorso, nella splendida cornice dell\u2019Aula Magna del Collegio Gallio a Como, si \u00e8 tenuta la prima lezione del Corso \u201cVerit\u00e0 e realt\u00e0 nel mondo e&#8230; <a class=\"read-more-button\" href=\"http:\/\/www.ilpagurocomo.it\/?p=303\">Leggi tutto &gt;<\/a><\/p>\n","protected":false},"author":1,"featured_media":0,"comment_status":"open","ping_status":"open","sticky":false,"template":"","format":"standard","meta":[],"categories":[4,3],"tags":[],"yoast_head":"<!-- This site is optimized with the Yoast SEO plugin v20.1 - https:\/\/yoast.com\/wordpress\/plugins\/seo\/ -->\n<title>Prima lezione - La verit\u00e0 \u00e8 un&#039;avventura - Relatore Carlo Sini - Associazione IL PAGURO Iniziative culturali<\/title>\n<meta name=\"robots\" content=\"index, follow, max-snippet:-1, max-image-preview:large, max-video-preview:-1\" \/>\n<link rel=\"canonical\" href=\"http:\/\/www.ilpagurocomo.it\/?p=303\" \/>\n<meta property=\"og:locale\" content=\"it_IT\" \/>\n<meta property=\"og:type\" content=\"article\" \/>\n<meta property=\"og:title\" content=\"Prima lezione - La verit\u00e0 \u00e8 un&#039;avventura - Relatore Carlo Sini - Associazione IL PAGURO Iniziative culturali\" \/>\n<meta property=\"og:description\" content=\"Como, 23 ottobre 2017 Venerd\u00ec scorso, nella splendida cornice dell\u2019Aula Magna del Collegio Gallio a Como, si \u00e8 tenuta la prima lezione del Corso \u201cVerit\u00e0 e realt\u00e0 nel mondo e... Leggi tutto &gt;\" \/>\n<meta property=\"og:url\" content=\"http:\/\/www.ilpagurocomo.it\/?p=303\" \/>\n<meta property=\"og:site_name\" content=\"Associazione IL PAGURO Iniziative culturali\" \/>\n<meta property=\"article:published_time\" content=\"2017-10-26T16:11:16+00:00\" \/>\n<meta property=\"article:modified_time\" content=\"2017-11-28T15:10:42+00:00\" \/>\n<meta property=\"og:image\" content=\"http:\/\/www.ilpagurocomo.it\/wp-content\/uploads\/2017\/10\/20171020_173829-Foto-Corso-PAGURO-300x169.jpg\" \/>\n<meta name=\"author\" content=\"admin\" \/>\n<meta name=\"twitter:card\" content=\"summary_large_image\" \/>\n<meta name=\"twitter:label1\" content=\"Scritto da\" \/>\n\t<meta name=\"twitter:data1\" content=\"admin\" \/>\n\t<meta name=\"twitter:label2\" content=\"Tempo di lettura stimato\" \/>\n\t<meta name=\"twitter:data2\" content=\"1 minuto\" \/>\n<script type=\"application\/ld+json\" class=\"yoast-schema-graph\">{\"@context\":\"https:\/\/schema.org\",\"@graph\":[{\"@type\":\"WebPage\",\"@id\":\"http:\/\/www.ilpagurocomo.it\/?p=303\",\"url\":\"http:\/\/www.ilpagurocomo.it\/?p=303\",\"name\":\"Prima lezione - La verit\u00e0 \u00e8 un'avventura - Relatore Carlo Sini - Associazione IL PAGURO Iniziative culturali\",\"isPartOf\":{\"@id\":\"https:\/\/0.0.0.0\/#website\"},\"datePublished\":\"2017-10-26T16:11:16+00:00\",\"dateModified\":\"2017-11-28T15:10:42+00:00\",\"author\":{\"@id\":\"https:\/\/0.0.0.0\/#\/schema\/person\/a450c1f32b65dd96bebdd2ad7145a26a\"},\"breadcrumb\":{\"@id\":\"http:\/\/www.ilpagurocomo.it\/?p=303#breadcrumb\"},\"inLanguage\":\"it-IT\",\"potentialAction\":[{\"@type\":\"ReadAction\",\"target\":[\"http:\/\/www.ilpagurocomo.it\/?p=303\"]}]},{\"@type\":\"BreadcrumbList\",\"@id\":\"http:\/\/www.ilpagurocomo.it\/?p=303#breadcrumb\",\"itemListElement\":[{\"@type\":\"ListItem\",\"position\":1,\"name\":\"Home\",\"item\":\"https:\/\/0.0.0.0\/\"},{\"@type\":\"ListItem\",\"position\":2,\"name\":\"Prima lezione &#8211; La verit\u00e0 \u00e8 un&#8217;avventura &#8211; Relatore Carlo Sini\"}]},{\"@type\":\"WebSite\",\"@id\":\"https:\/\/0.0.0.0\/#website\",\"url\":\"https:\/\/0.0.0.0\/\",\"name\":\"Associazione IL PAGURO Iniziative culturali\",\"description\":\"\",\"potentialAction\":[{\"@type\":\"SearchAction\",\"target\":{\"@type\":\"EntryPoint\",\"urlTemplate\":\"https:\/\/0.0.0.0\/?s={search_term_string}\"},\"query-input\":\"required name=search_term_string\"}],\"inLanguage\":\"it-IT\"},{\"@type\":\"Person\",\"@id\":\"https:\/\/0.0.0.0\/#\/schema\/person\/a450c1f32b65dd96bebdd2ad7145a26a\",\"name\":\"admin\",\"image\":{\"@type\":\"ImageObject\",\"inLanguage\":\"it-IT\",\"@id\":\"https:\/\/0.0.0.0\/#\/schema\/person\/image\/\",\"url\":\"http:\/\/2.gravatar.com\/avatar\/5b8630c20caa9137a5eafb031ae58a15?s=96&d=mm&r=g\",\"contentUrl\":\"http:\/\/2.gravatar.com\/avatar\/5b8630c20caa9137a5eafb031ae58a15?s=96&d=mm&r=g\",\"caption\":\"admin\"},\"url\":\"http:\/\/www.ilpagurocomo.it\/?author=1\"}]}<\/script>\n<!-- \/ Yoast SEO plugin. -->","yoast_head_json":{"title":"Prima lezione - La verit\u00e0 \u00e8 un'avventura - Relatore Carlo Sini - Associazione IL PAGURO Iniziative culturali","robots":{"index":"index","follow":"follow","max-snippet":"max-snippet:-1","max-image-preview":"max-image-preview:large","max-video-preview":"max-video-preview:-1"},"canonical":"http:\/\/www.ilpagurocomo.it\/?p=303","og_locale":"it_IT","og_type":"article","og_title":"Prima lezione - La verit\u00e0 \u00e8 un'avventura - Relatore Carlo Sini - Associazione IL PAGURO Iniziative culturali","og_description":"Como, 23 ottobre 2017 Venerd\u00ec scorso, nella splendida cornice dell\u2019Aula Magna del Collegio Gallio a Como, si \u00e8 tenuta la prima lezione del Corso \u201cVerit\u00e0 e realt\u00e0 nel mondo e... Leggi tutto &gt;","og_url":"http:\/\/www.ilpagurocomo.it\/?p=303","og_site_name":"Associazione IL PAGURO Iniziative culturali","article_published_time":"2017-10-26T16:11:16+00:00","article_modified_time":"2017-11-28T15:10:42+00:00","og_image":[{"url":"http:\/\/www.ilpagurocomo.it\/wp-content\/uploads\/2017\/10\/20171020_173829-Foto-Corso-PAGURO-300x169.jpg"}],"author":"admin","twitter_card":"summary_large_image","twitter_misc":{"Scritto da":"admin","Tempo di lettura stimato":"1 minuto"},"schema":{"@context":"https:\/\/schema.org","@graph":[{"@type":"WebPage","@id":"http:\/\/www.ilpagurocomo.it\/?p=303","url":"http:\/\/www.ilpagurocomo.it\/?p=303","name":"Prima lezione - La verit\u00e0 \u00e8 un'avventura - Relatore Carlo Sini - Associazione IL PAGURO Iniziative culturali","isPartOf":{"@id":"https:\/\/0.0.0.0\/#website"},"datePublished":"2017-10-26T16:11:16+00:00","dateModified":"2017-11-28T15:10:42+00:00","author":{"@id":"https:\/\/0.0.0.0\/#\/schema\/person\/a450c1f32b65dd96bebdd2ad7145a26a"},"breadcrumb":{"@id":"http:\/\/www.ilpagurocomo.it\/?p=303#breadcrumb"},"inLanguage":"it-IT","potentialAction":[{"@type":"ReadAction","target":["http:\/\/www.ilpagurocomo.it\/?p=303"]}]},{"@type":"BreadcrumbList","@id":"http:\/\/www.ilpagurocomo.it\/?p=303#breadcrumb","itemListElement":[{"@type":"ListItem","position":1,"name":"Home","item":"https:\/\/0.0.0.0\/"},{"@type":"ListItem","position":2,"name":"Prima lezione &#8211; La verit\u00e0 \u00e8 un&#8217;avventura &#8211; Relatore Carlo Sini"}]},{"@type":"WebSite","@id":"https:\/\/0.0.0.0\/#website","url":"https:\/\/0.0.0.0\/","name":"Associazione IL PAGURO Iniziative culturali","description":"","potentialAction":[{"@type":"SearchAction","target":{"@type":"EntryPoint","urlTemplate":"https:\/\/0.0.0.0\/?s={search_term_string}"},"query-input":"required name=search_term_string"}],"inLanguage":"it-IT"},{"@type":"Person","@id":"https:\/\/0.0.0.0\/#\/schema\/person\/a450c1f32b65dd96bebdd2ad7145a26a","name":"admin","image":{"@type":"ImageObject","inLanguage":"it-IT","@id":"https:\/\/0.0.0.0\/#\/schema\/person\/image\/","url":"http:\/\/2.gravatar.com\/avatar\/5b8630c20caa9137a5eafb031ae58a15?s=96&d=mm&r=g","contentUrl":"http:\/\/2.gravatar.com\/avatar\/5b8630c20caa9137a5eafb031ae58a15?s=96&d=mm&r=g","caption":"admin"},"url":"http:\/\/www.ilpagurocomo.it\/?author=1"}]}},"_links":{"self":[{"href":"http:\/\/www.ilpagurocomo.it\/index.php?rest_route=\/wp\/v2\/posts\/303"}],"collection":[{"href":"http:\/\/www.ilpagurocomo.it\/index.php?rest_route=\/wp\/v2\/posts"}],"about":[{"href":"http:\/\/www.ilpagurocomo.it\/index.php?rest_route=\/wp\/v2\/types\/post"}],"author":[{"embeddable":true,"href":"http:\/\/www.ilpagurocomo.it\/index.php?rest_route=\/wp\/v2\/users\/1"}],"replies":[{"embeddable":true,"href":"http:\/\/www.ilpagurocomo.it\/index.php?rest_route=%2Fwp%2Fv2%2Fcomments&post=303"}],"version-history":[{"count":11,"href":"http:\/\/www.ilpagurocomo.it\/index.php?rest_route=\/wp\/v2\/posts\/303\/revisions"}],"predecessor-version":[{"id":355,"href":"http:\/\/www.ilpagurocomo.it\/index.php?rest_route=\/wp\/v2\/posts\/303\/revisions\/355"}],"wp:attachment":[{"href":"http:\/\/www.ilpagurocomo.it\/index.php?rest_route=%2Fwp%2Fv2%2Fmedia&parent=303"}],"wp:term":[{"taxonomy":"category","embeddable":true,"href":"http:\/\/www.ilpagurocomo.it\/index.php?rest_route=%2Fwp%2Fv2%2Fcategories&post=303"},{"taxonomy":"post_tag","embeddable":true,"href":"http:\/\/www.ilpagurocomo.it\/index.php?rest_route=%2Fwp%2Fv2%2Ftags&post=303"}],"curies":[{"name":"wp","href":"https:\/\/api.w.org\/{rel}","templated":true}]}}