{"id":573,"date":"2019-01-21T11:39:50","date_gmt":"2019-01-21T11:39:50","guid":{"rendered":"http:\/\/www.ilpagurocomo.it\/?p=573"},"modified":"2019-01-21T12:38:18","modified_gmt":"2019-01-21T12:38:18","slug":"lira-non-dura-a-lungo-massimo-marassi","status":"publish","type":"post","link":"http:\/\/www.ilpagurocomo.it\/?p=573","title":{"rendered":"L&#8217;ira non dura a lungo &#8211; Massimo Marassi"},"content":{"rendered":"\r\n<p><em>Luned\u00ec 21 gennaio, Como<\/em><\/p>\r\n<p style=\"text-align: justify;\">&#8220;L&#8217;ira non dura lungo&#8221; \u00e8 stato il titolo dell&#8217;incontro tenutosi venerd\u00ec 18 gennaio dal <strong>Professor Massimo Marassi<\/strong> (Filosofia teoretica &#8211; Universit\u00e0 Cattolica di Milano).\u00a0 &#8220;Cantami, o Diva, del pelide Achille <strong>l&#8217;ira<\/strong> funesta che infiniti addusse\u00a0lutti agli Achei &#8230;..&#8221;. In una delle prime testimonianze dell&#8217;Occidente, come l&#8217;Iliade, ritroviamo subito uno dei 7 vizi capitali: l&#8217;ira.<\/p>\r\n\r\n\r\n\r\n<p style=\"text-align: justify;\">Marassi definisce l&#8217;ira come un&#8217;alterazione dello stato emotivo che manifesta un&#8217;avversione profonda e vendicativa verso qualcosa o qualcuno. L&#8217;ira \u00e8 un sentimento (diffuso), spesso \u00e8 necessaria (altrimenti prevarrebbe il menefreghismo) e in campo filosofico \u00e8 dettata dall&#8217;esperienza e di conseguenza pu\u00f2 portare a comportamenti sbagliati.<\/p>\r\n\r\n\r\n\r\n<p style=\"text-align: justify;\"><strong>Chi persegue la vendetta come finalit\u00e0 della rabbia, dell&#8217;ira, vive incatenato al passato e non \u00e8 pi\u00f9 capace di andare avanti e guardare al futuro<\/strong>. Citando Gandhi e Martin Luther King il Professor Marassi ci mostra come il futuro si possa vivere proprio non vendicandosi ma perdonando.<\/p>\r\n\r\n\r\n\r\n<p style=\"text-align: justify;\">Vi aspettiamo venerd\u00ec prossimo (25 gennaio) con un incontro dal titolo <strong>&#8220;Il timore di Dio. Ambivalenza del sacro e dinamiche del desiderio&#8221;<\/strong> tenuto da <strong>Giuliano Zanchi<\/strong> (saggista e Direttore della Fondazione Bernareggi).<\/p>\r\n\r\n\r\n\r\n\r\n\r\n\r\n","protected":false},"excerpt":{"rendered":"<p>Luned\u00ec 21 gennaio, Como &#8220;L&#8217;ira non dura lungo&#8221; \u00e8 stato il titolo dell&#8217;incontro tenutosi venerd\u00ec 18 gennaio dal Professor Massimo Marassi (Filosofia teoretica &#8211; Universit\u00e0 Cattolica di Milano).\u00a0 &#8220;Cantami, o&#8230; <a class=\"read-more-button\" href=\"http:\/\/www.ilpagurocomo.it\/?p=573\">Leggi tutto &gt;<\/a><\/p>\n","protected":false},"author":1,"featured_media":0,"comment_status":"open","ping_status":"open","sticky":false,"template":"","format":"standard","meta":[],"categories":[4,3],"tags":[21,26,24,48,35,5,11,50,6,44,13,7,31,22,47,45],"yoast_head":"<!-- This site is optimized with the Yoast SEO plugin v20.1 - https:\/\/yoast.com\/wordpress\/plugins\/seo\/ -->\n<title>L&#039;ira non dura a lungo - Massimo Marassi - Associazione IL PAGURO Iniziative culturali<\/title>\n<meta name=\"robots\" content=\"index, follow, max-snippet:-1, max-image-preview:large, max-video-preview:-1\" \/>\n<link rel=\"canonical\" href=\"https:\/\/si-cot.atenainformatica.it\/?p=573\" \/>\n<meta property=\"og:locale\" content=\"it_IT\" \/>\n<meta property=\"og:type\" content=\"article\" \/>\n<meta property=\"og:title\" content=\"L&#039;ira non dura a lungo - Massimo Marassi - Associazione IL PAGURO Iniziative culturali\" \/>\n<meta property=\"og:description\" content=\"Luned\u00ec 21 gennaio, Como &#8220;L&#8217;ira non dura lungo&#8221; \u00e8 stato il titolo dell&#8217;incontro tenutosi venerd\u00ec 18 gennaio dal Professor Massimo Marassi (Filosofia teoretica &#8211; Universit\u00e0 Cattolica di Milano).\u00a0 &#8220;Cantami, o... Leggi tutto &gt;\" \/>\n<meta property=\"og:url\" content=\"https:\/\/si-cot.atenainformatica.it\/?p=573\" \/>\n<meta property=\"og:site_name\" content=\"Associazione IL PAGURO Iniziative culturali\" \/>\n<meta property=\"article:published_time\" content=\"2019-01-21T11:39:50+00:00\" \/>\n<meta property=\"article:modified_time\" content=\"2019-01-21T12:38:18+00:00\" \/>\n<meta name=\"author\" content=\"admin\" \/>\n<meta name=\"twitter:card\" content=\"summary_large_image\" \/>\n<meta name=\"twitter:label1\" content=\"Scritto da\" \/>\n\t<meta name=\"twitter:data1\" content=\"admin\" \/>\n\t<meta name=\"twitter:label2\" content=\"Tempo di lettura stimato\" \/>\n\t<meta name=\"twitter:data2\" content=\"1 minuto\" \/>\n<script type=\"application\/ld+json\" class=\"yoast-schema-graph\">{\"@context\":\"https:\/\/schema.org\",\"@graph\":[{\"@type\":\"WebPage\",\"@id\":\"https:\/\/si-cot.atenainformatica.it\/?p=573\",\"url\":\"https:\/\/si-cot.atenainformatica.it\/?p=573\",\"name\":\"L'ira non dura a lungo - Massimo Marassi - Associazione IL PAGURO Iniziative culturali\",\"isPartOf\":{\"@id\":\"https:\/\/0.0.0.0\/#website\"},\"datePublished\":\"2019-01-21T11:39:50+00:00\",\"dateModified\":\"2019-01-21T12:38:18+00:00\",\"author\":{\"@id\":\"https:\/\/0.0.0.0\/#\/schema\/person\/a450c1f32b65dd96bebdd2ad7145a26a\"},\"breadcrumb\":{\"@id\":\"https:\/\/si-cot.atenainformatica.it\/?p=573#breadcrumb\"},\"inLanguage\":\"it-IT\",\"potentialAction\":[{\"@type\":\"ReadAction\",\"target\":[\"https:\/\/si-cot.atenainformatica.it\/?p=573\"]}]},{\"@type\":\"BreadcrumbList\",\"@id\":\"https:\/\/si-cot.atenainformatica.it\/?p=573#breadcrumb\",\"itemListElement\":[{\"@type\":\"ListItem\",\"position\":1,\"name\":\"Home\",\"item\":\"https:\/\/0.0.0.0\/\"},{\"@type\":\"ListItem\",\"position\":2,\"name\":\"L&#8217;ira non dura a lungo &#8211; Massimo Marassi\"}]},{\"@type\":\"WebSite\",\"@id\":\"https:\/\/0.0.0.0\/#website\",\"url\":\"https:\/\/0.0.0.0\/\",\"name\":\"Associazione IL PAGURO Iniziative culturali\",\"description\":\"\",\"potentialAction\":[{\"@type\":\"SearchAction\",\"target\":{\"@type\":\"EntryPoint\",\"urlTemplate\":\"https:\/\/0.0.0.0\/?s={search_term_string}\"},\"query-input\":\"required name=search_term_string\"}],\"inLanguage\":\"it-IT\"},{\"@type\":\"Person\",\"@id\":\"https:\/\/0.0.0.0\/#\/schema\/person\/a450c1f32b65dd96bebdd2ad7145a26a\",\"name\":\"admin\",\"image\":{\"@type\":\"ImageObject\",\"inLanguage\":\"it-IT\",\"@id\":\"https:\/\/0.0.0.0\/#\/schema\/person\/image\/\",\"url\":\"http:\/\/2.gravatar.com\/avatar\/5b8630c20caa9137a5eafb031ae58a15?s=96&d=mm&r=g\",\"contentUrl\":\"http:\/\/2.gravatar.com\/avatar\/5b8630c20caa9137a5eafb031ae58a15?s=96&d=mm&r=g\",\"caption\":\"admin\"},\"url\":\"http:\/\/www.ilpagurocomo.it\/?author=1\"}]}<\/script>\n<!-- \/ Yoast SEO plugin. -->","yoast_head_json":{"title":"L'ira non dura a lungo - Massimo Marassi - Associazione IL PAGURO Iniziative culturali","robots":{"index":"index","follow":"follow","max-snippet":"max-snippet:-1","max-image-preview":"max-image-preview:large","max-video-preview":"max-video-preview:-1"},"canonical":"https:\/\/si-cot.atenainformatica.it\/?p=573","og_locale":"it_IT","og_type":"article","og_title":"L'ira non dura a lungo - Massimo Marassi - Associazione IL PAGURO Iniziative culturali","og_description":"Luned\u00ec 21 gennaio, Como &#8220;L&#8217;ira non dura lungo&#8221; \u00e8 stato il titolo dell&#8217;incontro tenutosi venerd\u00ec 18 gennaio dal Professor Massimo Marassi (Filosofia teoretica &#8211; Universit\u00e0 Cattolica di Milano).\u00a0 &#8220;Cantami, o... Leggi tutto &gt;","og_url":"https:\/\/si-cot.atenainformatica.it\/?p=573","og_site_name":"Associazione IL PAGURO Iniziative culturali","article_published_time":"2019-01-21T11:39:50+00:00","article_modified_time":"2019-01-21T12:38:18+00:00","author":"admin","twitter_card":"summary_large_image","twitter_misc":{"Scritto da":"admin","Tempo di lettura stimato":"1 minuto"},"schema":{"@context":"https:\/\/schema.org","@graph":[{"@type":"WebPage","@id":"https:\/\/si-cot.atenainformatica.it\/?p=573","url":"https:\/\/si-cot.atenainformatica.it\/?p=573","name":"L'ira non dura a lungo - Massimo Marassi - Associazione IL PAGURO Iniziative culturali","isPartOf":{"@id":"https:\/\/0.0.0.0\/#website"},"datePublished":"2019-01-21T11:39:50+00:00","dateModified":"2019-01-21T12:38:18+00:00","author":{"@id":"https:\/\/0.0.0.0\/#\/schema\/person\/a450c1f32b65dd96bebdd2ad7145a26a"},"breadcrumb":{"@id":"https:\/\/si-cot.atenainformatica.it\/?p=573#breadcrumb"},"inLanguage":"it-IT","potentialAction":[{"@type":"ReadAction","target":["https:\/\/si-cot.atenainformatica.it\/?p=573"]}]},{"@type":"BreadcrumbList","@id":"https:\/\/si-cot.atenainformatica.it\/?p=573#breadcrumb","itemListElement":[{"@type":"ListItem","position":1,"name":"Home","item":"https:\/\/0.0.0.0\/"},{"@type":"ListItem","position":2,"name":"L&#8217;ira non dura a lungo &#8211; Massimo Marassi"}]},{"@type":"WebSite","@id":"https:\/\/0.0.0.0\/#website","url":"https:\/\/0.0.0.0\/","name":"Associazione IL PAGURO Iniziative culturali","description":"","potentialAction":[{"@type":"SearchAction","target":{"@type":"EntryPoint","urlTemplate":"https:\/\/0.0.0.0\/?s={search_term_string}"},"query-input":"required name=search_term_string"}],"inLanguage":"it-IT"},{"@type":"Person","@id":"https:\/\/0.0.0.0\/#\/schema\/person\/a450c1f32b65dd96bebdd2ad7145a26a","name":"admin","image":{"@type":"ImageObject","inLanguage":"it-IT","@id":"https:\/\/0.0.0.0\/#\/schema\/person\/image\/","url":"http:\/\/2.gravatar.com\/avatar\/5b8630c20caa9137a5eafb031ae58a15?s=96&d=mm&r=g","contentUrl":"http:\/\/2.gravatar.com\/avatar\/5b8630c20caa9137a5eafb031ae58a15?s=96&d=mm&r=g","caption":"admin"},"url":"http:\/\/www.ilpagurocomo.it\/?author=1"}]}},"_links":{"self":[{"href":"http:\/\/www.ilpagurocomo.it\/index.php?rest_route=\/wp\/v2\/posts\/573"}],"collection":[{"href":"http:\/\/www.ilpagurocomo.it\/index.php?rest_route=\/wp\/v2\/posts"}],"about":[{"href":"http:\/\/www.ilpagurocomo.it\/index.php?rest_route=\/wp\/v2\/types\/post"}],"author":[{"embeddable":true,"href":"http:\/\/www.ilpagurocomo.it\/index.php?rest_route=\/wp\/v2\/users\/1"}],"replies":[{"embeddable":true,"href":"http:\/\/www.ilpagurocomo.it\/index.php?rest_route=%2Fwp%2Fv2%2Fcomments&post=573"}],"version-history":[{"count":7,"href":"http:\/\/www.ilpagurocomo.it\/index.php?rest_route=\/wp\/v2\/posts\/573\/revisions"}],"predecessor-version":[{"id":586,"href":"http:\/\/www.ilpagurocomo.it\/index.php?rest_route=\/wp\/v2\/posts\/573\/revisions\/586"}],"wp:attachment":[{"href":"http:\/\/www.ilpagurocomo.it\/index.php?rest_route=%2Fwp%2Fv2%2Fmedia&parent=573"}],"wp:term":[{"taxonomy":"category","embeddable":true,"href":"http:\/\/www.ilpagurocomo.it\/index.php?rest_route=%2Fwp%2Fv2%2Fcategories&post=573"},{"taxonomy":"post_tag","embeddable":true,"href":"http:\/\/www.ilpagurocomo.it\/index.php?rest_route=%2Fwp%2Fv2%2Ftags&post=573"}],"curies":[{"name":"wp","href":"https:\/\/api.w.org\/{rel}","templated":true}]}}