{"id":846,"date":"2021-10-29T09:33:06","date_gmt":"2021-10-29T09:33:06","guid":{"rendered":"http:\/\/www.ilpagurocomo.it\/?p=846"},"modified":"2021-10-29T09:35:26","modified_gmt":"2021-10-29T09:35:26","slug":"nuovo-anno-nuovo-corso","status":"publish","type":"post","link":"http:\/\/www.ilpagurocomo.it\/?p=846","title":{"rendered":"Nuovo anno, nuovo Corso!"},"content":{"rendered":"<p style=\"text-align: right;\"><em>Corso di Aggiornamento e Divulgazione Culturale, XXXVI rassegna, Como, 2021\/2022<\/em><\/p>\n<p style=\"text-align: center;\"><span style=\"font-size: 16px;\"><strong>Indicazioni, non solo problemi.\u00a0<\/strong><strong>I temi oggi irrinunciabili<\/strong><\/span><\/p>\n<p>&nbsp;<\/p>\n<p style=\"text-align: justify;\">C\u2019\u00e8 un dato positivo nelle tragedie che abbiamo vissuto, direttamente o indirettamente, negli ultimi anni. Il gioco dei rimandi e tutti i trucchi che abbiamo visto proposti negli ultimi decenni non possono funzionare pi\u00f9: i nodi stanno arrivando al pettine. Molte delle cose che temevamo e prevedevamo si stanno concretizzando, con l\u2019aggiunta di fatti che non avevamo considerato possibili.<\/p>\n<p style=\"text-align: justify;\">Le evidenze sono tante: lasciando le questioni internazionali, che tuttavia ci interrogano come quella afgana, le continue catastrofi ambientali stanno facendo cadere qualsiasi possibilit\u00e0 di dire che la questione ecologica \u00e8 un\u2019invenzione intellettuale. Analogamente, dopo decenni di individualismo selvaggio, la pandemia ci ha fatto vivere un\u2019esperienza collettiva nelle cause, nella gestione, negli effetti, nelle paure per il futuro. Cos\u00ec la condizione di abbandono di interi continenti, come l\u2019Africa, non interroga pi\u00f9 solo la nostra coscienza, ma la nostra intelligenza. Soprattutto in questo caso l\u2019affermazione \u201csono problemi che riguardano loro\u201d suona del tutto assurda.<\/p>\n<p style=\"text-align: justify;\">Si potrebbe continuare, ma l\u2019effetto sarebbe solo deprimente. Non \u00e8 pi\u00f9 possibile mettere la testa sotto la sabbia.\u00a0<strong>Occorre aprire una fase di riflessioni concrete e di tentativi sul campo: i teorici devono produrre domande ed ipotesi adeguate, gli empirici devono sperimentare, tentare, fallire e riprovare. Come \u00e8 sempre successo nella storia dell\u2019Occidente nelle fasi decisive.<\/strong><\/p>\n<p style=\"text-align: justify;\">Non c\u2019\u00e8 ragione di essere a priori ottimisti, ma \u00e8 sciocco deprimersi o ritirarsi, perch\u00e9 non c\u2019\u00e8 un\u2019isola in cui rifugiarsi. Ricordo una parabola moderna: un intellettuale europeo, sconvolto dalle mostruosit\u00e0 della Prima Guerra Mondiale, decise di ritirarsi lontano in modo da non essere coinvolto n\u00e9 direttamente n\u00e9 indirettamente nella catastrofe che sentiva imminente. Decise quindi di andare su un\u2019isoletta isolata, sperduta in quell\u2019immenso mare che \u00e8 l\u2019Oceano Pacifico. Scelse Guadalcanal!<\/p>\n<p style=\"text-align: justify;\"><strong>Noi non abbiamo pretese o ambizioni assurde, ma vogliamo continuare a lavorare in questa ottica di impegno e questo abbiamo chiesto, e chiederemo negli anni prossimi, ai nostri oratori. Per tutto il tempo che ci sar\u00e0 concesso di farlo.<\/strong><\/p>\n<p>&nbsp;<\/p>\n<p style=\"text-align: center;\"><strong><a href=\"http:\/\/www.ilpagurocomo.it\/wp-content\/uploads\/2021\/10\/2022-programma-definitivo.pdf\">Scarica il programma completo delle lezioni 2021-2022<\/a><\/strong><\/p>\n<p style=\"text-align: center;\"><strong><span style=\"font-family: arial, helvetica, sans-serif;\"><a href=\"http:\/\/www.atenainformatica.it\/gestioneEvento\/page15t.do;jsessionid=91986023BD5C5647736E49D22F21DFB8?sp=page7&amp;link=ln8&amp;kcond27t.att20=4\">Registrati e partecipa al Corso 2021-2022<\/a><\/span><\/strong><\/p>\n","protected":false},"excerpt":{"rendered":"<p>Corso di Aggiornamento e Divulgazione Culturale, XXXVI rassegna, Como, 2021\/2022 Indicazioni, non solo problemi.\u00a0I temi oggi irrinunciabili &nbsp; C\u2019\u00e8 un dato positivo nelle tragedie che abbiamo vissuto, direttamente o indirettamente,&#8230; <a class=\"read-more-button\" href=\"http:\/\/www.ilpagurocomo.it\/?p=846\">Leggi tutto &gt;<\/a><\/p>\n","protected":false},"author":1,"featured_media":0,"comment_status":"open","ping_status":"open","sticky":false,"template":"","format":"standard","meta":[],"categories":[3],"tags":[],"yoast_head":"<!-- This site is optimized with the Yoast SEO plugin v20.1 - https:\/\/yoast.com\/wordpress\/plugins\/seo\/ -->\n<title>Nuovo anno, nuovo Corso! - Associazione IL PAGURO Iniziative culturali<\/title>\n<meta name=\"robots\" content=\"index, follow, max-snippet:-1, max-image-preview:large, max-video-preview:-1\" \/>\n<link rel=\"canonical\" href=\"http:\/\/www.ilpagurocomo.it\/?p=846\" \/>\n<meta property=\"og:locale\" content=\"it_IT\" \/>\n<meta property=\"og:type\" content=\"article\" \/>\n<meta property=\"og:title\" content=\"Nuovo anno, nuovo Corso! - Associazione IL PAGURO Iniziative culturali\" \/>\n<meta property=\"og:description\" content=\"Corso di Aggiornamento e Divulgazione Culturale, XXXVI rassegna, Como, 2021\/2022 Indicazioni, non solo problemi.\u00a0I temi oggi irrinunciabili &nbsp; C\u2019\u00e8 un dato positivo nelle tragedie che abbiamo vissuto, direttamente o indirettamente,... Leggi tutto &gt;\" \/>\n<meta property=\"og:url\" content=\"http:\/\/www.ilpagurocomo.it\/?p=846\" \/>\n<meta property=\"og:site_name\" content=\"Associazione IL PAGURO Iniziative culturali\" \/>\n<meta property=\"article:published_time\" content=\"2021-10-29T09:33:06+00:00\" \/>\n<meta property=\"article:modified_time\" content=\"2021-10-29T09:35:26+00:00\" \/>\n<meta name=\"author\" content=\"admin\" \/>\n<meta name=\"twitter:card\" content=\"summary_large_image\" \/>\n<meta name=\"twitter:label1\" content=\"Scritto da\" \/>\n\t<meta name=\"twitter:data1\" content=\"admin\" \/>\n\t<meta name=\"twitter:label2\" content=\"Tempo di lettura stimato\" \/>\n\t<meta name=\"twitter:data2\" content=\"2 minuti\" \/>\n<script type=\"application\/ld+json\" class=\"yoast-schema-graph\">{\"@context\":\"https:\/\/schema.org\",\"@graph\":[{\"@type\":\"WebPage\",\"@id\":\"http:\/\/www.ilpagurocomo.it\/?p=846\",\"url\":\"http:\/\/www.ilpagurocomo.it\/?p=846\",\"name\":\"Nuovo anno, nuovo Corso! - Associazione IL PAGURO Iniziative culturali\",\"isPartOf\":{\"@id\":\"https:\/\/0.0.0.0\/#website\"},\"datePublished\":\"2021-10-29T09:33:06+00:00\",\"dateModified\":\"2021-10-29T09:35:26+00:00\",\"author\":{\"@id\":\"https:\/\/0.0.0.0\/#\/schema\/person\/a450c1f32b65dd96bebdd2ad7145a26a\"},\"breadcrumb\":{\"@id\":\"http:\/\/www.ilpagurocomo.it\/?p=846#breadcrumb\"},\"inLanguage\":\"it-IT\",\"potentialAction\":[{\"@type\":\"ReadAction\",\"target\":[\"http:\/\/www.ilpagurocomo.it\/?p=846\"]}]},{\"@type\":\"BreadcrumbList\",\"@id\":\"http:\/\/www.ilpagurocomo.it\/?p=846#breadcrumb\",\"itemListElement\":[{\"@type\":\"ListItem\",\"position\":1,\"name\":\"Home\",\"item\":\"https:\/\/0.0.0.0\/\"},{\"@type\":\"ListItem\",\"position\":2,\"name\":\"Nuovo anno, nuovo Corso!\"}]},{\"@type\":\"WebSite\",\"@id\":\"https:\/\/0.0.0.0\/#website\",\"url\":\"https:\/\/0.0.0.0\/\",\"name\":\"Associazione IL PAGURO Iniziative culturali\",\"description\":\"\",\"potentialAction\":[{\"@type\":\"SearchAction\",\"target\":{\"@type\":\"EntryPoint\",\"urlTemplate\":\"https:\/\/0.0.0.0\/?s={search_term_string}\"},\"query-input\":\"required name=search_term_string\"}],\"inLanguage\":\"it-IT\"},{\"@type\":\"Person\",\"@id\":\"https:\/\/0.0.0.0\/#\/schema\/person\/a450c1f32b65dd96bebdd2ad7145a26a\",\"name\":\"admin\",\"image\":{\"@type\":\"ImageObject\",\"inLanguage\":\"it-IT\",\"@id\":\"https:\/\/0.0.0.0\/#\/schema\/person\/image\/\",\"url\":\"http:\/\/2.gravatar.com\/avatar\/5b8630c20caa9137a5eafb031ae58a15?s=96&d=mm&r=g\",\"contentUrl\":\"http:\/\/2.gravatar.com\/avatar\/5b8630c20caa9137a5eafb031ae58a15?s=96&d=mm&r=g\",\"caption\":\"admin\"},\"url\":\"http:\/\/www.ilpagurocomo.it\/?author=1\"}]}<\/script>\n<!-- \/ Yoast SEO plugin. -->","yoast_head_json":{"title":"Nuovo anno, nuovo Corso! - Associazione IL PAGURO Iniziative culturali","robots":{"index":"index","follow":"follow","max-snippet":"max-snippet:-1","max-image-preview":"max-image-preview:large","max-video-preview":"max-video-preview:-1"},"canonical":"http:\/\/www.ilpagurocomo.it\/?p=846","og_locale":"it_IT","og_type":"article","og_title":"Nuovo anno, nuovo Corso! - Associazione IL PAGURO Iniziative culturali","og_description":"Corso di Aggiornamento e Divulgazione Culturale, XXXVI rassegna, Como, 2021\/2022 Indicazioni, non solo problemi.\u00a0I temi oggi irrinunciabili &nbsp; C\u2019\u00e8 un dato positivo nelle tragedie che abbiamo vissuto, direttamente o indirettamente,... Leggi tutto &gt;","og_url":"http:\/\/www.ilpagurocomo.it\/?p=846","og_site_name":"Associazione IL PAGURO Iniziative culturali","article_published_time":"2021-10-29T09:33:06+00:00","article_modified_time":"2021-10-29T09:35:26+00:00","author":"admin","twitter_card":"summary_large_image","twitter_misc":{"Scritto da":"admin","Tempo di lettura stimato":"2 minuti"},"schema":{"@context":"https:\/\/schema.org","@graph":[{"@type":"WebPage","@id":"http:\/\/www.ilpagurocomo.it\/?p=846","url":"http:\/\/www.ilpagurocomo.it\/?p=846","name":"Nuovo anno, nuovo Corso! - Associazione IL PAGURO Iniziative culturali","isPartOf":{"@id":"https:\/\/0.0.0.0\/#website"},"datePublished":"2021-10-29T09:33:06+00:00","dateModified":"2021-10-29T09:35:26+00:00","author":{"@id":"https:\/\/0.0.0.0\/#\/schema\/person\/a450c1f32b65dd96bebdd2ad7145a26a"},"breadcrumb":{"@id":"http:\/\/www.ilpagurocomo.it\/?p=846#breadcrumb"},"inLanguage":"it-IT","potentialAction":[{"@type":"ReadAction","target":["http:\/\/www.ilpagurocomo.it\/?p=846"]}]},{"@type":"BreadcrumbList","@id":"http:\/\/www.ilpagurocomo.it\/?p=846#breadcrumb","itemListElement":[{"@type":"ListItem","position":1,"name":"Home","item":"https:\/\/0.0.0.0\/"},{"@type":"ListItem","position":2,"name":"Nuovo anno, nuovo Corso!"}]},{"@type":"WebSite","@id":"https:\/\/0.0.0.0\/#website","url":"https:\/\/0.0.0.0\/","name":"Associazione IL PAGURO Iniziative culturali","description":"","potentialAction":[{"@type":"SearchAction","target":{"@type":"EntryPoint","urlTemplate":"https:\/\/0.0.0.0\/?s={search_term_string}"},"query-input":"required name=search_term_string"}],"inLanguage":"it-IT"},{"@type":"Person","@id":"https:\/\/0.0.0.0\/#\/schema\/person\/a450c1f32b65dd96bebdd2ad7145a26a","name":"admin","image":{"@type":"ImageObject","inLanguage":"it-IT","@id":"https:\/\/0.0.0.0\/#\/schema\/person\/image\/","url":"http:\/\/2.gravatar.com\/avatar\/5b8630c20caa9137a5eafb031ae58a15?s=96&d=mm&r=g","contentUrl":"http:\/\/2.gravatar.com\/avatar\/5b8630c20caa9137a5eafb031ae58a15?s=96&d=mm&r=g","caption":"admin"},"url":"http:\/\/www.ilpagurocomo.it\/?author=1"}]}},"_links":{"self":[{"href":"http:\/\/www.ilpagurocomo.it\/index.php?rest_route=\/wp\/v2\/posts\/846"}],"collection":[{"href":"http:\/\/www.ilpagurocomo.it\/index.php?rest_route=\/wp\/v2\/posts"}],"about":[{"href":"http:\/\/www.ilpagurocomo.it\/index.php?rest_route=\/wp\/v2\/types\/post"}],"author":[{"embeddable":true,"href":"http:\/\/www.ilpagurocomo.it\/index.php?rest_route=\/wp\/v2\/users\/1"}],"replies":[{"embeddable":true,"href":"http:\/\/www.ilpagurocomo.it\/index.php?rest_route=%2Fwp%2Fv2%2Fcomments&post=846"}],"version-history":[{"count":3,"href":"http:\/\/www.ilpagurocomo.it\/index.php?rest_route=\/wp\/v2\/posts\/846\/revisions"}],"predecessor-version":[{"id":849,"href":"http:\/\/www.ilpagurocomo.it\/index.php?rest_route=\/wp\/v2\/posts\/846\/revisions\/849"}],"wp:attachment":[{"href":"http:\/\/www.ilpagurocomo.it\/index.php?rest_route=%2Fwp%2Fv2%2Fmedia&parent=846"}],"wp:term":[{"taxonomy":"category","embeddable":true,"href":"http:\/\/www.ilpagurocomo.it\/index.php?rest_route=%2Fwp%2Fv2%2Fcategories&post=846"},{"taxonomy":"post_tag","embeddable":true,"href":"http:\/\/www.ilpagurocomo.it\/index.php?rest_route=%2Fwp%2Fv2%2Ftags&post=846"}],"curies":[{"name":"wp","href":"https:\/\/api.w.org\/{rel}","templated":true}]}}